{"id":1881,"date":"2023-01-29T18:43:55","date_gmt":"2023-01-29T22:43:55","guid":{"rendered":"https:\/\/www.adesthetique.ca\/new-clinic-summer-2023\/"},"modified":"2024-03-05T11:58:45","modified_gmt":"2024-03-05T15:58:45","slug":"new-clinic-summer-2023","status":"publish","type":"post","link":"https:\/\/www.adesthetique.ca\/en\/new-clinic-summer-2023\/","title":{"rendered":"New clinic summer 2023!"},"content":{"rendered":"<p>Get ready for an exciting 2023 at ADE ESTHETIQUE: soon a <strong>new clinic<\/strong>, with a <strong>dedicated space<\/strong> to offer you the latest technologies in aesthetics, and the French know-how of Dr Desbordes, trained in Paris in 2014.<\/p>\n<p><strong>New team, new services and new equipment <\/strong>(laser, radio frequency, micropigmentation&#8230;) and much more!<\/p>\n<p>The new clinic is scheduled to open in August 2023 at Le Plateau in Aylmer, AGORAConsultez notre <a href=\"https:\/\/www.instagram.com\/ade_medecine_esthetique\/\" target=\"_blank\" rel=\"noreferrer noopener\">Instagram<\/a> ou notre page <a href=\"https:\/\/www.facebook.com\/profile.php?id=100076469529102\" target=\"_blank\" rel=\"noreferrer noopener\">Facebook<\/a> pour \u00eatre inform\u00e9 des derni\u00e8res nouveaut\u00e9s!<\/p>\n<p><img decoding=\"async\" class=\"alignnone wp-image-516 lazyload\" data-src=\"https:\/\/www.adesthetique.ca\/wp-content\/smush-avif\/2023\/01\/pub-Louise-Dec-2022-b-1-205x300.jpg.avif\" alt=\"\" width=\"282\" height=\"413\" data-srcset=\"https:\/\/www.adesthetique.ca\/wp-content\/smush-avif\/2023\/01\/pub-Louise-Dec-2022-b-1-205x300.jpg.avif 205w, https:\/\/www.adesthetique.ca\/wp-content\/smush-avif\/2023\/01\/pub-Louise-Dec-2022-b-1-scaled-600x879.jpg.avif 600w, https:\/\/www.adesthetique.ca\/wp-content\/smush-avif\/2023\/01\/pub-Louise-Dec-2022-b-1-699x1024.jpg.avif 699w, https:\/\/www.adesthetique.ca\/wp-content\/smush-avif\/2023\/01\/pub-Louise-Dec-2022-b-1-768x1125.jpg.avif 768w, https:\/\/www.adesthetique.ca\/wp-content\/smush-avif\/2023\/01\/pub-Louise-Dec-2022-b-1-1048x1536.jpg.avif 1048w, https:\/\/www.adesthetique.ca\/wp-content\/smush-avif\/2023\/01\/pub-Louise-Dec-2022-b-1-1398x2048.jpg.avif 1398w, https:\/\/www.adesthetique.ca\/wp-content\/smush-avif\/2023\/01\/pub-Louise-Dec-2022-b-1-41x60.jpg.avif 41w, https:\/\/www.adesthetique.ca\/wp-content\/smush-avif\/2023\/01\/pub-Louise-Dec-2022-b-1-scaled.jpg.avif 1747w\" data-sizes=\"(max-width: 282px) 100vw, 282px\" src=\"data:image\/svg+xml;base64,PHN2ZyB3aWR0aD0iMSIgaGVpZ2h0PSIxIiB4bWxucz0iaHR0cDovL3d3dy53My5vcmcvMjAwMC9zdmciPjwvc3ZnPg==\" style=\"--smush-placeholder-width: 282px; --smush-placeholder-aspect-ratio: 282\/413;\" \/><\/p>\n<p>&nbsp;<\/p>\n<p>&nbsp;<\/p>\n<p>&nbsp;<\/p>\n","protected":false},"excerpt":{"rendered":"<p>Get ready for an exciting 2023 at ADE ESTHETIQUE: soon a new clinic, with a dedicated space to offer you the latest technologies in aesthetics, and the French know-how of &hellip; <\/p>\n","protected":false},"author":1,"featured_media":1495,"comment_status":"closed","ping_status":"closed","sticky":false,"template":"","format":"standard","meta":{"footnotes":""},"categories":[62,66],"tags":[72,67,69,68,73],"class_list":["post-1881","post","type-post","status-publish","format-standard","has-post-thumbnail","hentry","category-ade-news-2","category-opening","tag-aesthetics","tag-agora-en","tag-clinic","tag-injections-en","tag-tray","latest_post"],"yoast_head":"<!-- This site is optimized with the Yoast SEO Premium plugin v27.4 (Yoast SEO v27.5) - https:\/\/yoast.com\/product\/yoast-seo-premium-wordpress\/ -->\n<title>New clinic summer 2023! - CLINIQUE ADE - MEDECINE ESTHETIQUE<\/title>\n<meta name=\"description\" content=\"New medical-aesthetic clinic opening summer 2023 at AGORA\" \/>\n<meta name=\"robots\" content=\"index, follow, max-snippet:-1, max-image-preview:large, max-video-preview:-1\" \/>\n<link rel=\"canonical\" href=\"https:\/\/www.adesthetique.ca\/en\/new-clinic-summer-2023\/\" \/>\n<meta property=\"og:locale\" content=\"en_US\" \/>\n<meta property=\"og:type\" content=\"article\" \/>\n<meta property=\"og:title\" content=\"New clinic summer 2023!\" \/>\n<meta property=\"og:description\" content=\"New medical-aesthetic clinic opening summer 2023 at AGORA\" \/>\n<meta property=\"og:url\" content=\"https:\/\/www.adesthetique.ca\/en\/new-clinic-summer-2023\/\" \/>\n<meta property=\"og:site_name\" content=\"CLINIQUE ADE - MEDECINE ESTHETIQUE\" \/>\n<meta property=\"article:published_time\" content=\"2023-01-29T22:43:55+00:00\" \/>\n<meta property=\"article:modified_time\" content=\"2024-03-05T15:58:45+00:00\" \/>\n<meta property=\"og:image\" content=\"https:\/\/www.adesthetique.ca\/wp-content\/uploads\/2023\/01\/AGORA-logo.jpg\" \/>\n<meta name=\"author\" content=\"DrDesbordes\" \/>\n<meta name=\"twitter:label1\" content=\"Written by\" \/>\n\t<meta name=\"twitter:data1\" content=\"DrDesbordes\" \/>\n<script type=\"application\/ld+json\" class=\"yoast-schema-graph\">{\"@context\":\"https:\\\/\\\/schema.org\",\"@graph\":[{\"@type\":\"Article\",\"@id\":\"https:\\\/\\\/www.adesthetique.ca\\\/en\\\/new-clinic-summer-2023\\\/#article\",\"isPartOf\":{\"@id\":\"https:\\\/\\\/www.adesthetique.ca\\\/en\\\/new-clinic-summer-2023\\\/\"},\"author\":{\"name\":\"DrDesbordes\",\"@id\":\"https:\\\/\\\/www.adesthetique.ca\\\/en\\\/#\\\/schema\\\/person\\\/a6b29c2277ae0831f9a68ff152ff5435\"},\"headline\":\"New clinic summer 2023!\",\"datePublished\":\"2023-01-29T22:43:55+00:00\",\"dateModified\":\"2024-03-05T15:58:45+00:00\",\"mainEntityOfPage\":{\"@id\":\"https:\\\/\\\/www.adesthetique.ca\\\/en\\\/new-clinic-summer-2023\\\/\"},\"wordCount\":84,\"publisher\":{\"@id\":\"https:\\\/\\\/www.adesthetique.ca\\\/en\\\/#organization\"},\"image\":{\"@id\":\"https:\\\/\\\/www.adesthetique.ca\\\/en\\\/new-clinic-summer-2023\\\/#primaryimage\"},\"thumbnailUrl\":\"https:\\\/\\\/www.adesthetique.ca\\\/wp-content\\\/uploads\\\/2023\\\/01\\\/AGORA-logo.jpg\",\"keywords\":[\"aesthetics\",\"AGORA\",\"clinic\",\"injections\",\"tray\"],\"articleSection\":[\"ADE news\",\"opening\"],\"inLanguage\":\"en-US\"},{\"@type\":\"WebPage\",\"@id\":\"https:\\\/\\\/www.adesthetique.ca\\\/en\\\/new-clinic-summer-2023\\\/\",\"url\":\"https:\\\/\\\/www.adesthetique.ca\\\/en\\\/new-clinic-summer-2023\\\/\",\"name\":\"New clinic summer 2023! - CLINIQUE ADE - MEDECINE ESTHETIQUE\",\"isPartOf\":{\"@id\":\"https:\\\/\\\/www.adesthetique.ca\\\/en\\\/#website\"},\"primaryImageOfPage\":{\"@id\":\"https:\\\/\\\/www.adesthetique.ca\\\/en\\\/new-clinic-summer-2023\\\/#primaryimage\"},\"image\":{\"@id\":\"https:\\\/\\\/www.adesthetique.ca\\\/en\\\/new-clinic-summer-2023\\\/#primaryimage\"},\"thumbnailUrl\":\"https:\\\/\\\/www.adesthetique.ca\\\/wp-content\\\/uploads\\\/2023\\\/01\\\/AGORA-logo.jpg\",\"datePublished\":\"2023-01-29T22:43:55+00:00\",\"dateModified\":\"2024-03-05T15:58:45+00:00\",\"description\":\"New medical-aesthetic clinic opening summer 2023 at AGORA\",\"breadcrumb\":{\"@id\":\"https:\\\/\\\/www.adesthetique.ca\\\/en\\\/new-clinic-summer-2023\\\/#breadcrumb\"},\"inLanguage\":\"en-US\",\"potentialAction\":[{\"@type\":\"ReadAction\",\"target\":[\"https:\\\/\\\/www.adesthetique.ca\\\/en\\\/new-clinic-summer-2023\\\/\"]}]},{\"@type\":\"ImageObject\",\"inLanguage\":\"en-US\",\"@id\":\"https:\\\/\\\/www.adesthetique.ca\\\/en\\\/new-clinic-summer-2023\\\/#primaryimage\",\"url\":\"https:\\\/\\\/www.adesthetique.ca\\\/wp-content\\\/uploads\\\/2023\\\/01\\\/AGORA-logo.jpg\",\"contentUrl\":\"https:\\\/\\\/www.adesthetique.ca\\\/wp-content\\\/uploads\\\/2023\\\/01\\\/AGORA-logo.jpg\",\"width\":583,\"height\":150},{\"@type\":\"BreadcrumbList\",\"@id\":\"https:\\\/\\\/www.adesthetique.ca\\\/en\\\/new-clinic-summer-2023\\\/#breadcrumb\",\"itemListElement\":[{\"@type\":\"ListItem\",\"position\":1,\"name\":\"Home\",\"item\":\"https:\\\/\\\/www.adesthetique.ca\\\/en\\\/welcome\\\/\"},{\"@type\":\"ListItem\",\"position\":2,\"name\":\"New clinic summer 2023!\"}]},{\"@type\":\"WebSite\",\"@id\":\"https:\\\/\\\/www.adesthetique.ca\\\/en\\\/#website\",\"url\":\"https:\\\/\\\/www.adesthetique.ca\\\/en\\\/\",\"name\":\"CLINIQUE ADE - MEDECINE ESTHETIQUE\",\"description\":\"Injections Botox, fillers, visage, technologies microneedling, laser, radio-fr\u00e9quence. Gatineau, Plateau AGORA\",\"publisher\":{\"@id\":\"https:\\\/\\\/www.adesthetique.ca\\\/en\\\/#organization\"},\"potentialAction\":[{\"@type\":\"SearchAction\",\"target\":{\"@type\":\"EntryPoint\",\"urlTemplate\":\"https:\\\/\\\/www.adesthetique.ca\\\/en\\\/?s={search_term_string}\"},\"query-input\":{\"@type\":\"PropertyValueSpecification\",\"valueRequired\":true,\"valueName\":\"search_term_string\"}}],\"inLanguage\":\"en-US\"},{\"@type\":\"Organization\",\"@id\":\"https:\\\/\\\/www.adesthetique.ca\\\/en\\\/#organization\",\"name\":\"CLINIQUE ADE - MEDECINE ESTHETIQUE\",\"url\":\"https:\\\/\\\/www.adesthetique.ca\\\/en\\\/\",\"logo\":{\"@type\":\"ImageObject\",\"inLanguage\":\"en-US\",\"@id\":\"https:\\\/\\\/www.adesthetique.ca\\\/en\\\/#\\\/schema\\\/logo\\\/image\\\/\",\"url\":\"https:\\\/\\\/www.adesthetique.ca\\\/wp-content\\\/uploads\\\/2024\\\/10\\\/cropped-ADE-logo-clinique-med-esthetique-1.png\",\"contentUrl\":\"https:\\\/\\\/www.adesthetique.ca\\\/wp-content\\\/uploads\\\/2024\\\/10\\\/cropped-ADE-logo-clinique-med-esthetique-1.png\",\"width\":894,\"height\":360,\"caption\":\"CLINIQUE ADE - MEDECINE ESTHETIQUE\"},\"image\":{\"@id\":\"https:\\\/\\\/www.adesthetique.ca\\\/en\\\/#\\\/schema\\\/logo\\\/image\\\/\"}},{\"@type\":\"Person\",\"@id\":\"https:\\\/\\\/www.adesthetique.ca\\\/en\\\/#\\\/schema\\\/person\\\/a6b29c2277ae0831f9a68ff152ff5435\",\"name\":\"DrDesbordes\",\"image\":{\"@type\":\"ImageObject\",\"inLanguage\":\"en-US\",\"@id\":\"https:\\\/\\\/secure.gravatar.com\\\/avatar\\\/95626bf62fd5254097c1dce204165ff512bad7beea1fb82ee6cfbbf196dc60ac?s=96&d=mm&r=g\",\"url\":\"https:\\\/\\\/secure.gravatar.com\\\/avatar\\\/95626bf62fd5254097c1dce204165ff512bad7beea1fb82ee6cfbbf196dc60ac?s=96&d=mm&r=g\",\"contentUrl\":\"https:\\\/\\\/secure.gravatar.com\\\/avatar\\\/95626bf62fd5254097c1dce204165ff512bad7beea1fb82ee6cfbbf196dc60ac?s=96&d=mm&r=g\",\"caption\":\"DrDesbordes\"},\"url\":\"https:\\\/\\\/www.adesthetique.ca\\\/en\\\/author\\\/yourname\\\/\"}]}<\/script>\n<!-- \/ Yoast SEO Premium plugin. -->","yoast_head_json":{"title":"New clinic summer 2023! - CLINIQUE ADE - MEDECINE ESTHETIQUE","description":"New medical-aesthetic clinic opening summer 2023 at AGORA","robots":{"index":"index","follow":"follow","max-snippet":"max-snippet:-1","max-image-preview":"max-image-preview:large","max-video-preview":"max-video-preview:-1"},"canonical":"https:\/\/www.adesthetique.ca\/en\/new-clinic-summer-2023\/","og_locale":"en_US","og_type":"article","og_title":"New clinic summer 2023!","og_description":"New medical-aesthetic clinic opening summer 2023 at AGORA","og_url":"https:\/\/www.adesthetique.ca\/en\/new-clinic-summer-2023\/","og_site_name":"CLINIQUE ADE - MEDECINE ESTHETIQUE","article_published_time":"2023-01-29T22:43:55+00:00","article_modified_time":"2024-03-05T15:58:45+00:00","og_image":[{"url":"https:\/\/www.adesthetique.ca\/wp-content\/uploads\/2023\/01\/AGORA-logo.jpg","type":"","width":"","height":""}],"author":"DrDesbordes","twitter_misc":{"Written by":"DrDesbordes"},"schema":{"@context":"https:\/\/schema.org","@graph":[{"@type":"Article","@id":"https:\/\/www.adesthetique.ca\/en\/new-clinic-summer-2023\/#article","isPartOf":{"@id":"https:\/\/www.adesthetique.ca\/en\/new-clinic-summer-2023\/"},"author":{"name":"DrDesbordes","@id":"https:\/\/www.adesthetique.ca\/en\/#\/schema\/person\/a6b29c2277ae0831f9a68ff152ff5435"},"headline":"New clinic summer 2023!","datePublished":"2023-01-29T22:43:55+00:00","dateModified":"2024-03-05T15:58:45+00:00","mainEntityOfPage":{"@id":"https:\/\/www.adesthetique.ca\/en\/new-clinic-summer-2023\/"},"wordCount":84,"publisher":{"@id":"https:\/\/www.adesthetique.ca\/en\/#organization"},"image":{"@id":"https:\/\/www.adesthetique.ca\/en\/new-clinic-summer-2023\/#primaryimage"},"thumbnailUrl":"https:\/\/www.adesthetique.ca\/wp-content\/uploads\/2023\/01\/AGORA-logo.jpg","keywords":["aesthetics","AGORA","clinic","injections","tray"],"articleSection":["ADE news","opening"],"inLanguage":"en-US"},{"@type":"WebPage","@id":"https:\/\/www.adesthetique.ca\/en\/new-clinic-summer-2023\/","url":"https:\/\/www.adesthetique.ca\/en\/new-clinic-summer-2023\/","name":"New clinic summer 2023! - CLINIQUE ADE - MEDECINE ESTHETIQUE","isPartOf":{"@id":"https:\/\/www.adesthetique.ca\/en\/#website"},"primaryImageOfPage":{"@id":"https:\/\/www.adesthetique.ca\/en\/new-clinic-summer-2023\/#primaryimage"},"image":{"@id":"https:\/\/www.adesthetique.ca\/en\/new-clinic-summer-2023\/#primaryimage"},"thumbnailUrl":"https:\/\/www.adesthetique.ca\/wp-content\/uploads\/2023\/01\/AGORA-logo.jpg","datePublished":"2023-01-29T22:43:55+00:00","dateModified":"2024-03-05T15:58:45+00:00","description":"New medical-aesthetic clinic opening summer 2023 at AGORA","breadcrumb":{"@id":"https:\/\/www.adesthetique.ca\/en\/new-clinic-summer-2023\/#breadcrumb"},"inLanguage":"en-US","potentialAction":[{"@type":"ReadAction","target":["https:\/\/www.adesthetique.ca\/en\/new-clinic-summer-2023\/"]}]},{"@type":"ImageObject","inLanguage":"en-US","@id":"https:\/\/www.adesthetique.ca\/en\/new-clinic-summer-2023\/#primaryimage","url":"https:\/\/www.adesthetique.ca\/wp-content\/uploads\/2023\/01\/AGORA-logo.jpg","contentUrl":"https:\/\/www.adesthetique.ca\/wp-content\/uploads\/2023\/01\/AGORA-logo.jpg","width":583,"height":150},{"@type":"BreadcrumbList","@id":"https:\/\/www.adesthetique.ca\/en\/new-clinic-summer-2023\/#breadcrumb","itemListElement":[{"@type":"ListItem","position":1,"name":"Home","item":"https:\/\/www.adesthetique.ca\/en\/welcome\/"},{"@type":"ListItem","position":2,"name":"New clinic summer 2023!"}]},{"@type":"WebSite","@id":"https:\/\/www.adesthetique.ca\/en\/#website","url":"https:\/\/www.adesthetique.ca\/en\/","name":"CLINIQUE ADE - MEDECINE ESTHETIQUE","description":"Injections Botox, fillers, visage, technologies microneedling, laser, radio-fr\u00e9quence. Gatineau, Plateau AGORA","publisher":{"@id":"https:\/\/www.adesthetique.ca\/en\/#organization"},"potentialAction":[{"@type":"SearchAction","target":{"@type":"EntryPoint","urlTemplate":"https:\/\/www.adesthetique.ca\/en\/?s={search_term_string}"},"query-input":{"@type":"PropertyValueSpecification","valueRequired":true,"valueName":"search_term_string"}}],"inLanguage":"en-US"},{"@type":"Organization","@id":"https:\/\/www.adesthetique.ca\/en\/#organization","name":"CLINIQUE ADE - MEDECINE ESTHETIQUE","url":"https:\/\/www.adesthetique.ca\/en\/","logo":{"@type":"ImageObject","inLanguage":"en-US","@id":"https:\/\/www.adesthetique.ca\/en\/#\/schema\/logo\/image\/","url":"https:\/\/www.adesthetique.ca\/wp-content\/uploads\/2024\/10\/cropped-ADE-logo-clinique-med-esthetique-1.png","contentUrl":"https:\/\/www.adesthetique.ca\/wp-content\/uploads\/2024\/10\/cropped-ADE-logo-clinique-med-esthetique-1.png","width":894,"height":360,"caption":"CLINIQUE ADE - MEDECINE ESTHETIQUE"},"image":{"@id":"https:\/\/www.adesthetique.ca\/en\/#\/schema\/logo\/image\/"}},{"@type":"Person","@id":"https:\/\/www.adesthetique.ca\/en\/#\/schema\/person\/a6b29c2277ae0831f9a68ff152ff5435","name":"DrDesbordes","image":{"@type":"ImageObject","inLanguage":"en-US","@id":"https:\/\/secure.gravatar.com\/avatar\/95626bf62fd5254097c1dce204165ff512bad7beea1fb82ee6cfbbf196dc60ac?s=96&d=mm&r=g","url":"https:\/\/secure.gravatar.com\/avatar\/95626bf62fd5254097c1dce204165ff512bad7beea1fb82ee6cfbbf196dc60ac?s=96&d=mm&r=g","contentUrl":"https:\/\/secure.gravatar.com\/avatar\/95626bf62fd5254097c1dce204165ff512bad7beea1fb82ee6cfbbf196dc60ac?s=96&d=mm&r=g","caption":"DrDesbordes"},"url":"https:\/\/www.adesthetique.ca\/en\/author\/yourname\/"}]}},"_links":{"self":[{"href":"https:\/\/www.adesthetique.ca\/en\/wp-json\/wp\/v2\/posts\/1881","targetHints":{"allow":["GET"]}}],"collection":[{"href":"https:\/\/www.adesthetique.ca\/en\/wp-json\/wp\/v2\/posts"}],"about":[{"href":"https:\/\/www.adesthetique.ca\/en\/wp-json\/wp\/v2\/types\/post"}],"author":[{"embeddable":true,"href":"https:\/\/www.adesthetique.ca\/en\/wp-json\/wp\/v2\/users\/1"}],"replies":[{"embeddable":true,"href":"https:\/\/www.adesthetique.ca\/en\/wp-json\/wp\/v2\/comments?post=1881"}],"version-history":[{"count":1,"href":"https:\/\/www.adesthetique.ca\/en\/wp-json\/wp\/v2\/posts\/1881\/revisions"}],"predecessor-version":[{"id":1892,"href":"https:\/\/www.adesthetique.ca\/en\/wp-json\/wp\/v2\/posts\/1881\/revisions\/1892"}],"wp:featuredmedia":[{"embeddable":true,"href":"https:\/\/www.adesthetique.ca\/en\/wp-json\/wp\/v2\/media\/1495"}],"wp:attachment":[{"href":"https:\/\/www.adesthetique.ca\/en\/wp-json\/wp\/v2\/media?parent=1881"}],"wp:term":[{"taxonomy":"category","embeddable":true,"href":"https:\/\/www.adesthetique.ca\/en\/wp-json\/wp\/v2\/categories?post=1881"},{"taxonomy":"post_tag","embeddable":true,"href":"https:\/\/www.adesthetique.ca\/en\/wp-json\/wp\/v2\/tags?post=1881"}],"curies":[{"name":"wp","href":"https:\/\/api.w.org\/{rel}","templated":true}]}}